
{"id":81657,"date":"2025-05-02T13:27:30","date_gmt":"2025-05-02T11:27:30","guid":{"rendered":"https:\/\/fdr.at\/?p=81657"},"modified":"2025-06-02T18:34:43","modified_gmt":"2025-06-02T16:34:43","slug":"mitmachausstellung-tiere-und-traeume","status":"publish","type":"post","link":"https:\/\/fdr.at\/en\/mitmachausstellung-tiere-und-traeume\/","title":{"rendered":"Kinderatelier \u2013 Traumtiere und Fantasiewelten\u00a0"},"content":{"rendered":"\n<p><strong>F\u00fcr Schulklassen &amp; Privatbesucher*innen (Begleitpersonen mit Kindern) im Alter von 6\u201312 Jahren<\/strong><\/p>\n\n\n\n<h3 class=\"wp-block-heading\"><strong>Im Kinderatelier Braunau wird\u2019s wild, kreativ und fantastisch! Gemeinsam mit den K\u00fcnstler*innen, Anna, Emil und Mia, tauchen Kinder in eine bunte Welt voller Fantasiewesen, Superkr\u00e4fte und geheimnisvoller Orte ein.&nbsp;<\/strong><\/h3>\n\n\n\n<p>Mit Farben und Papier entdecken wir verschiedene Techniken des Zeichnens und Druckens. Inspiriert von unseren Tr\u00e4umen entstehen einzigartige Monster, Klassentiere und ganze Welten. Der Spa\u00df am Gestalten steht im Vordergrund &#8211; jede Idee ist willkommen!&nbsp;<\/p>\n\n\n\n<p>Ob Schule oder Familie, alle kleinen K\u00fcnstler*innen sind eingeladen mitzumachen, zu experimentieren und gemeinsam eine Ausstellung zu gestalten, die f\u00fcr Besucher*innen ge\u00f6ffnet sein wird.&nbsp;<\/p>\n\n\n\n<p>Es sind keine Vorkenntnisse n\u00f6tig \u2013 nur Lust auf Fantasie, Farbe und gemeinsames Gestalten! Arbeitskleidung wird empfohlen.<\/p>\n\n\n\n<p><br><strong>Was erwartet euch?<\/strong><br>In diesem Atelier k\u00f6nnt ihr eurer Fantasie freien Lauf lassen! Gemeinsam denken wir uns zu Beginn eigene Fantasiewesen aus: Wie k\u00f6nnten sie aussehen? Was macht sie besonders? <br>Danach lernt ihr die Drucktechnik&nbsp;<strong>Monotypie<\/strong>&nbsp;kennen \u2013 eine spannende und einfache M\u00f6glichkeit, Bilder zu gestalten. An mehreren Stationen k\u00f6nnt ihr dann selbst kreativ werden, experimentieren und euer Fantasiewesen aufs Papier bringen.<\/p>\n\n\n\n<p><strong>Zum Abschluss pr\u00e4sentieren wir eure Kunstwerke und machen ein gemeinsames Foto zur Erinnerung.<\/strong><\/p>\n\n\n\n<p><strong>Mit:<\/strong>\u00a0Anna H\u00f6pfl (Studentin Malerei und Grafik an der Kunstuniversit\u00e4t Linz),\u00a0<br>Emil Klostermann (Student Bildende Kunst an der Kunstuniversit\u00e4t Linz) &amp;\u00a0<br>Mia Matsune (Studentin Bildende Kunst an der Kunstuniversit\u00e4t Linz)<br><strong>F\u00fcr:<\/strong>\u00a0Kinder von 6 bis 12 Jahren<br><strong>Wer:<\/strong>\u00a0Festival der Regionen in\u00a0<br><strong>Dauer:<\/strong>\u00a0120 Minuten<br><strong>Wo:<\/strong>\u00a0Linzer Stra\u00dfe 14 (Biersiederhaus History-Museum)<br><br><strong>Termine f\u00fcr Schulklassen (6\u201312 Jahre);\u00a0<\/strong>Uhrzeiten f\u00fcr Schulklassen sind Vorschl\u00e4ge \u2013 Anpassung nach Absprache m\u00f6glich!\u00a0<strong>Maximale Teilnehmerzahl:<\/strong>\u00a0 je eine Schulklasse (ca. 28 Personen)<\/p>\n\n\n\n<p>Mo, 16.06. 2025,&nbsp;<strong>9:30 \u2013 11:30 Uhr<\/strong><\/p>\n\n\n\n<p>Di, 17.06.2025,&nbsp;<strong>9:30 \u2013 11:30 Uhr<\/strong><\/p>\n\n\n\n<p>Mi, 18.06.2025,&nbsp;<strong>9:30 \u2013 11:30 Uhr<\/strong><\/p>\n\n\n\n<p>Fr, 20.06.2025,&nbsp;<strong>9:30 \u2013 11:30 Uhr<\/strong><\/p>\n\n\n\n<p><\/p>\n\n\n\n<p><strong>Termine f\u00fcr Kinder mit Begleitpersonen ab 6 Jahren (Eltern, Gro\u00dfeltern, \u2026)<\/strong><\/p>\n\n\n\n<p>Do, 19.06. 2025,&nbsp;<strong>10 \u2013 12 Uhr<\/strong><\/p>\n\n\n\n<p>Sa, 21.06.2025,&nbsp;<strong>10 \u2013 12 Uhr<\/strong><strong><br>Maximale Teilnehmerzahl:<\/strong>&nbsp;20 Personen<\/p>\n\n\n\n<p><br>Kontakt:&nbsp;<strong>Ulla Steyrleuthner<\/strong><br>Kunstvermittlung &amp; Community Building<br><a href=\"mailto:ulla.steyrleuthner@fdr.at\" target=\"_blank\" rel=\"noreferrer noopener\">ulla.steyrleuthner@fdr.at<\/a><\/p>\n\n\n\n<p>&nbsp;Das Festival der Regionen ist ein kostenloses Festival. Mit&nbsp;<strong>\u201ePay as you wish\u201c<\/strong>&nbsp;kannst du selbst entscheiden, wie viel du f\u00fcr Veranstaltungen, Workshops und Performances zahlen m\u00f6chtest. Um dir garantiert einen Platz zu sichern, ist f\u00fcr Workshops, F\u00fchrungen und Rundg\u00e4nge eine Ticketreservierung erforderlich. Vor Ort stehen Spendenboxen, in die du einen Betrag deiner Wahl einwerfen kannst. Wir danken dir f\u00fcr deine Unterst\u00fctzung!<\/p>\n\n\n\n<p><\/p>\n\n\n\n<p><\/p>\n\n\n\n<p><strong>Jetzt Platz sichern und kostenlose Tickets buchen<\/strong><br><a href=\"https:\/\/kupfticket.com\/events\/mitmachausstellung-tiere-und-traeume\">https:\/\/kupfticket.com\/events\/mitmachausstellung-tiere-und-traeume<\/a><\/p>\n\n\n\n<p><\/p>\n","protected":false},"excerpt":{"rendered":"<p>In dieser Mitmachausstellung tauchst du in ein offenes Atelier ein \u2013 ein kreatives Spielfeld, auf dem du Ideen entwickelst, k\u00fcnstlerische Techniken ausprobierst und erlebst. Hier kannst du experimentieren und erforschen, wie neue Formen des Zusammenlebens und der Zusammenarbeit entstehen k\u00f6nnen.<\/p>\n","protected":false},"author":12,"featured_media":81427,"comment_status":"closed","ping_status":"closed","sticky":false,"template":"","format":"standard","meta":{"_acf_changed":false,"footnotes":""},"categories":[599,598],"tags":[],"class_list":["post-81657","post","type-post","status-publish","format-standard","has-post-thumbnail","hentry","category-vermittlung-klein-gross","category-vermittlung-schulen"],"acf":[],"yoast_head":"<!-- This site is optimized with the Yoast SEO plugin v27.5 - https:\/\/yoast.com\/product\/yoast-seo-wordpress\/ -->\n<title>Kinderatelier \u2013 Traumtiere und Fantasiewelten\u00a0 - Festival der Regionen<\/title>\n<meta name=\"robots\" content=\"index, follow, max-snippet:-1, max-image-preview:large, max-video-preview:-1\" \/>\n<link rel=\"canonical\" href=\"https:\/\/fdr.at\/en\/mitmachausstellung-tiere-und-traeume\/\" \/>\n<meta property=\"og:locale\" content=\"en_US\" \/>\n<meta property=\"og:type\" content=\"article\" \/>\n<meta property=\"og:title\" content=\"Kinderatelier \u2013 Traumtiere und Fantasiewelten\u00a0 - Festival der Regionen\" \/>\n<meta property=\"og:description\" content=\"In dieser Mitmachausstellung tauchst du in ein offenes Atelier ein \u2013 ein kreatives Spielfeld, auf dem du Ideen entwickelst, k\u00fcnstlerische Techniken ausprobierst und erlebst. Hier kannst du experimentieren und erforschen, wie neue Formen des Zusammenlebens und der Zusammenarbeit entstehen k\u00f6nnen.\" \/>\n<meta property=\"og:url\" content=\"https:\/\/fdr.at\/en\/mitmachausstellung-tiere-und-traeume\/\" \/>\n<meta property=\"og:site_name\" content=\"Festival der Regionen\" \/>\n<meta property=\"article:published_time\" content=\"2025-05-02T11:27:30+00:00\" \/>\n<meta property=\"article:modified_time\" content=\"2025-06-02T16:34:43+00:00\" \/>\n<meta property=\"og:image\" content=\"https:\/\/fdr.at\/wp-content\/uploads\/2025\/04\/stickerbogen-1414x2000.png\" \/>\n\t<meta property=\"og:image:width\" content=\"1414\" \/>\n\t<meta property=\"og:image:height\" content=\"2000\" \/>\n\t<meta property=\"og:image:type\" content=\"image\/png\" \/>\n<meta name=\"author\" content=\"Vinzenz Landl\" \/>\n<meta name=\"twitter:card\" content=\"summary_large_image\" \/>\n<meta name=\"twitter:label1\" content=\"Written by\" \/>\n\t<meta name=\"twitter:data1\" content=\"Vinzenz Landl\" \/>\n\t<meta name=\"twitter:label2\" content=\"Est. reading time\" \/>\n\t<meta name=\"twitter:data2\" content=\"2 minutes\" \/>\n<script type=\"application\/ld+json\" class=\"yoast-schema-graph\">{\"@context\":\"https:\\\/\\\/schema.org\",\"@graph\":[{\"@type\":\"Article\",\"@id\":\"https:\\\/\\\/fdr.at\\\/en\\\/mitmachausstellung-tiere-und-traeume\\\/#article\",\"isPartOf\":{\"@id\":\"https:\\\/\\\/fdr.at\\\/en\\\/mitmachausstellung-tiere-und-traeume\\\/\"},\"author\":{\"name\":\"Vinzenz Landl\",\"@id\":\"https:\\\/\\\/fdr.at\\\/en\\\/#\\\/schema\\\/person\\\/843fe0f2c9b8ac2cba634e267a65f985\"},\"headline\":\"Kinderatelier \u2013 Traumtiere und Fantasiewelten\u00a0\",\"datePublished\":\"2025-05-02T11:27:30+00:00\",\"dateModified\":\"2025-06-02T16:34:43+00:00\",\"mainEntityOfPage\":{\"@id\":\"https:\\\/\\\/fdr.at\\\/en\\\/mitmachausstellung-tiere-und-traeume\\\/\"},\"wordCount\":422,\"image\":{\"@id\":\"https:\\\/\\\/fdr.at\\\/en\\\/mitmachausstellung-tiere-und-traeume\\\/#primaryimage\"},\"thumbnailUrl\":\"https:\\\/\\\/fdr.at\\\/wp-content\\\/uploads\\\/2025\\\/04\\\/stickerbogen.png\",\"articleSection\":[\"Vermittlung Klein &amp; Gro\u00df\",\"Vermittlung Schulen\"],\"inLanguage\":\"en-US\"},{\"@type\":\"WebPage\",\"@id\":\"https:\\\/\\\/fdr.at\\\/en\\\/mitmachausstellung-tiere-und-traeume\\\/\",\"url\":\"https:\\\/\\\/fdr.at\\\/en\\\/mitmachausstellung-tiere-und-traeume\\\/\",\"name\":\"Kinderatelier \u2013 Traumtiere und Fantasiewelten\u00a0 - Festival der Regionen\",\"isPartOf\":{\"@id\":\"https:\\\/\\\/fdr.at\\\/en\\\/#website\"},\"primaryImageOfPage\":{\"@id\":\"https:\\\/\\\/fdr.at\\\/en\\\/mitmachausstellung-tiere-und-traeume\\\/#primaryimage\"},\"image\":{\"@id\":\"https:\\\/\\\/fdr.at\\\/en\\\/mitmachausstellung-tiere-und-traeume\\\/#primaryimage\"},\"thumbnailUrl\":\"https:\\\/\\\/fdr.at\\\/wp-content\\\/uploads\\\/2025\\\/04\\\/stickerbogen.png\",\"datePublished\":\"2025-05-02T11:27:30+00:00\",\"dateModified\":\"2025-06-02T16:34:43+00:00\",\"author\":{\"@id\":\"https:\\\/\\\/fdr.at\\\/en\\\/#\\\/schema\\\/person\\\/843fe0f2c9b8ac2cba634e267a65f985\"},\"breadcrumb\":{\"@id\":\"https:\\\/\\\/fdr.at\\\/en\\\/mitmachausstellung-tiere-und-traeume\\\/#breadcrumb\"},\"inLanguage\":\"en-US\",\"potentialAction\":[{\"@type\":\"ReadAction\",\"target\":[\"https:\\\/\\\/fdr.at\\\/en\\\/mitmachausstellung-tiere-und-traeume\\\/\"]}]},{\"@type\":\"ImageObject\",\"inLanguage\":\"en-US\",\"@id\":\"https:\\\/\\\/fdr.at\\\/en\\\/mitmachausstellung-tiere-und-traeume\\\/#primaryimage\",\"url\":\"https:\\\/\\\/fdr.at\\\/wp-content\\\/uploads\\\/2025\\\/04\\\/stickerbogen.png\",\"contentUrl\":\"https:\\\/\\\/fdr.at\\\/wp-content\\\/uploads\\\/2025\\\/04\\\/stickerbogen.png\",\"width\":7016,\"height\":9921},{\"@type\":\"BreadcrumbList\",\"@id\":\"https:\\\/\\\/fdr.at\\\/en\\\/mitmachausstellung-tiere-und-traeume\\\/#breadcrumb\",\"itemListElement\":[{\"@type\":\"ListItem\",\"position\":1,\"name\":\"Home\",\"item\":\"https:\\\/\\\/fdr.at\\\/en\\\/\"},{\"@type\":\"ListItem\",\"position\":2,\"name\":\"Kinderatelier \u2013 Traumtiere und Fantasiewelten\u00a0\"}]},{\"@type\":\"WebSite\",\"@id\":\"https:\\\/\\\/fdr.at\\\/en\\\/#website\",\"url\":\"https:\\\/\\\/fdr.at\\\/en\\\/\",\"name\":\"Festival der Regionen\",\"description\":\"\",\"potentialAction\":[{\"@type\":\"SearchAction\",\"target\":{\"@type\":\"EntryPoint\",\"urlTemplate\":\"https:\\\/\\\/fdr.at\\\/en\\\/?s={search_term_string}\"},\"query-input\":{\"@type\":\"PropertyValueSpecification\",\"valueRequired\":true,\"valueName\":\"search_term_string\"}}],\"inLanguage\":\"en-US\"},{\"@type\":\"Person\",\"@id\":\"https:\\\/\\\/fdr.at\\\/en\\\/#\\\/schema\\\/person\\\/843fe0f2c9b8ac2cba634e267a65f985\",\"name\":\"Vinzenz Landl\",\"image\":{\"@type\":\"ImageObject\",\"inLanguage\":\"en-US\",\"@id\":\"https:\\\/\\\/secure.gravatar.com\\\/avatar\\\/87c3db8e76d253896b719ecbd953fbb7e2f101023681f5744d7aa821da109ddc?s=96&d=retro&r=g\",\"url\":\"https:\\\/\\\/secure.gravatar.com\\\/avatar\\\/87c3db8e76d253896b719ecbd953fbb7e2f101023681f5744d7aa821da109ddc?s=96&d=retro&r=g\",\"contentUrl\":\"https:\\\/\\\/secure.gravatar.com\\\/avatar\\\/87c3db8e76d253896b719ecbd953fbb7e2f101023681f5744d7aa821da109ddc?s=96&d=retro&r=g\",\"caption\":\"Vinzenz Landl\"},\"sameAs\":[\"http:\\\/\\\/FdR\"]}]}<\/script>\n<!-- \/ Yoast SEO plugin. -->","yoast_head_json":{"title":"Kinderatelier \u2013 Traumtiere und Fantasiewelten\u00a0 - Festival der Regionen","robots":{"index":"index","follow":"follow","max-snippet":"max-snippet:-1","max-image-preview":"max-image-preview:large","max-video-preview":"max-video-preview:-1"},"canonical":"https:\/\/fdr.at\/en\/mitmachausstellung-tiere-und-traeume\/","og_locale":"en_US","og_type":"article","og_title":"Kinderatelier \u2013 Traumtiere und Fantasiewelten\u00a0 - Festival der Regionen","og_description":"In dieser Mitmachausstellung tauchst du in ein offenes Atelier ein \u2013 ein kreatives Spielfeld, auf dem du Ideen entwickelst, k\u00fcnstlerische Techniken ausprobierst und erlebst. Hier kannst du experimentieren und erforschen, wie neue Formen des Zusammenlebens und der Zusammenarbeit entstehen k\u00f6nnen.","og_url":"https:\/\/fdr.at\/en\/mitmachausstellung-tiere-und-traeume\/","og_site_name":"Festival der Regionen","article_published_time":"2025-05-02T11:27:30+00:00","article_modified_time":"2025-06-02T16:34:43+00:00","og_image":[{"width":1414,"height":2000,"url":"https:\/\/fdr.at\/wp-content\/uploads\/2025\/04\/stickerbogen-1414x2000.png","type":"image\/png"}],"author":"Vinzenz Landl","twitter_card":"summary_large_image","twitter_misc":{"Written by":"Vinzenz Landl","Est. reading time":"2 minutes"},"schema":{"@context":"https:\/\/schema.org","@graph":[{"@type":"Article","@id":"https:\/\/fdr.at\/en\/mitmachausstellung-tiere-und-traeume\/#article","isPartOf":{"@id":"https:\/\/fdr.at\/en\/mitmachausstellung-tiere-und-traeume\/"},"author":{"name":"Vinzenz Landl","@id":"https:\/\/fdr.at\/en\/#\/schema\/person\/843fe0f2c9b8ac2cba634e267a65f985"},"headline":"Kinderatelier \u2013 Traumtiere und Fantasiewelten\u00a0","datePublished":"2025-05-02T11:27:30+00:00","dateModified":"2025-06-02T16:34:43+00:00","mainEntityOfPage":{"@id":"https:\/\/fdr.at\/en\/mitmachausstellung-tiere-und-traeume\/"},"wordCount":422,"image":{"@id":"https:\/\/fdr.at\/en\/mitmachausstellung-tiere-und-traeume\/#primaryimage"},"thumbnailUrl":"https:\/\/fdr.at\/wp-content\/uploads\/2025\/04\/stickerbogen.png","articleSection":["Vermittlung Klein &amp; Gro\u00df","Vermittlung Schulen"],"inLanguage":"en-US"},{"@type":"WebPage","@id":"https:\/\/fdr.at\/en\/mitmachausstellung-tiere-und-traeume\/","url":"https:\/\/fdr.at\/en\/mitmachausstellung-tiere-und-traeume\/","name":"Kinderatelier \u2013 Traumtiere und Fantasiewelten\u00a0 - Festival der Regionen","isPartOf":{"@id":"https:\/\/fdr.at\/en\/#website"},"primaryImageOfPage":{"@id":"https:\/\/fdr.at\/en\/mitmachausstellung-tiere-und-traeume\/#primaryimage"},"image":{"@id":"https:\/\/fdr.at\/en\/mitmachausstellung-tiere-und-traeume\/#primaryimage"},"thumbnailUrl":"https:\/\/fdr.at\/wp-content\/uploads\/2025\/04\/stickerbogen.png","datePublished":"2025-05-02T11:27:30+00:00","dateModified":"2025-06-02T16:34:43+00:00","author":{"@id":"https:\/\/fdr.at\/en\/#\/schema\/person\/843fe0f2c9b8ac2cba634e267a65f985"},"breadcrumb":{"@id":"https:\/\/fdr.at\/en\/mitmachausstellung-tiere-und-traeume\/#breadcrumb"},"inLanguage":"en-US","potentialAction":[{"@type":"ReadAction","target":["https:\/\/fdr.at\/en\/mitmachausstellung-tiere-und-traeume\/"]}]},{"@type":"ImageObject","inLanguage":"en-US","@id":"https:\/\/fdr.at\/en\/mitmachausstellung-tiere-und-traeume\/#primaryimage","url":"https:\/\/fdr.at\/wp-content\/uploads\/2025\/04\/stickerbogen.png","contentUrl":"https:\/\/fdr.at\/wp-content\/uploads\/2025\/04\/stickerbogen.png","width":7016,"height":9921},{"@type":"BreadcrumbList","@id":"https:\/\/fdr.at\/en\/mitmachausstellung-tiere-und-traeume\/#breadcrumb","itemListElement":[{"@type":"ListItem","position":1,"name":"Home","item":"https:\/\/fdr.at\/en\/"},{"@type":"ListItem","position":2,"name":"Kinderatelier \u2013 Traumtiere und Fantasiewelten\u00a0"}]},{"@type":"WebSite","@id":"https:\/\/fdr.at\/en\/#website","url":"https:\/\/fdr.at\/en\/","name":"Festival der Regionen","description":"","potentialAction":[{"@type":"SearchAction","target":{"@type":"EntryPoint","urlTemplate":"https:\/\/fdr.at\/en\/?s={search_term_string}"},"query-input":{"@type":"PropertyValueSpecification","valueRequired":true,"valueName":"search_term_string"}}],"inLanguage":"en-US"},{"@type":"Person","@id":"https:\/\/fdr.at\/en\/#\/schema\/person\/843fe0f2c9b8ac2cba634e267a65f985","name":"Vinzenz Landl","image":{"@type":"ImageObject","inLanguage":"en-US","@id":"https:\/\/secure.gravatar.com\/avatar\/87c3db8e76d253896b719ecbd953fbb7e2f101023681f5744d7aa821da109ddc?s=96&d=retro&r=g","url":"https:\/\/secure.gravatar.com\/avatar\/87c3db8e76d253896b719ecbd953fbb7e2f101023681f5744d7aa821da109ddc?s=96&d=retro&r=g","contentUrl":"https:\/\/secure.gravatar.com\/avatar\/87c3db8e76d253896b719ecbd953fbb7e2f101023681f5744d7aa821da109ddc?s=96&d=retro&r=g","caption":"Vinzenz Landl"},"sameAs":["http:\/\/FdR"]}]}},"_links":{"self":[{"href":"https:\/\/fdr.at\/en\/wp-json\/wp\/v2\/posts\/81657","targetHints":{"allow":["GET"]}}],"collection":[{"href":"https:\/\/fdr.at\/en\/wp-json\/wp\/v2\/posts"}],"about":[{"href":"https:\/\/fdr.at\/en\/wp-json\/wp\/v2\/types\/post"}],"author":[{"embeddable":true,"href":"https:\/\/fdr.at\/en\/wp-json\/wp\/v2\/users\/12"}],"replies":[{"embeddable":true,"href":"https:\/\/fdr.at\/en\/wp-json\/wp\/v2\/comments?post=81657"}],"version-history":[{"count":9,"href":"https:\/\/fdr.at\/en\/wp-json\/wp\/v2\/posts\/81657\/revisions"}],"predecessor-version":[{"id":82915,"href":"https:\/\/fdr.at\/en\/wp-json\/wp\/v2\/posts\/81657\/revisions\/82915"}],"wp:featuredmedia":[{"embeddable":true,"href":"https:\/\/fdr.at\/en\/wp-json\/wp\/v2\/media\/81427"}],"wp:attachment":[{"href":"https:\/\/fdr.at\/en\/wp-json\/wp\/v2\/media?parent=81657"}],"wp:term":[{"taxonomy":"category","embeddable":true,"href":"https:\/\/fdr.at\/en\/wp-json\/wp\/v2\/categories?post=81657"},{"taxonomy":"post_tag","embeddable":true,"href":"https:\/\/fdr.at\/en\/wp-json\/wp\/v2\/tags?post=81657"}],"curies":[{"name":"wp","href":"https:\/\/api.w.org\/{rel}","templated":true}]}}