
{"id":80992,"date":"2025-03-20T11:50:53","date_gmt":"2025-03-20T10:50:53","guid":{"rendered":"https:\/\/fdr.at\/?p=80992"},"modified":"2025-03-20T11:53:31","modified_gmt":"2025-03-20T10:53:31","slug":"next-stop-tasting-garden-2","status":"publish","type":"post","link":"https:\/\/fdr.at\/en\/next-stop-tasting-garden-2\/","title":{"rendered":"Next stop: tasting garden"},"content":{"rendered":"\n<p><strong>One hour and fifty-one minutes: Linz -&gt;Festival of Regions 2025 (FdR*25)&nbsp;<\/strong><\/p>\n\n\n\n<p>If you get on the train in Linz, you have just under two hours to lose yourself in the rolling hills of the Innviertel region before arriving at FdR*25 in Braunau. Every two years, the festival chooses a new region in Upper Austria. The concept of the region is always reinterpreted. The previous edition FdR*23 led along the Summerauerbahn to Horn\u00ed Dvo\u0159i\u0161t\u011b in the Czech Republic. This time, the festival is heading to the westernmost and youngest district of Upper Austria, right on the border with Bavaria: Braunau am Inn.<\/p>\n\n\n\n<p><strong>One hour and seven minutes- from Salzburg to Braunau<\/strong><\/p>\n\n\n\n<p>The dominant narrative of this year&#8217;s festival location seems so hot that we burn our fingers just looking at it. Because: everyone knows Braunau and yet the town and the region are so unknown. Who has ever been to Braunau?<\/p>\n\n\n\n<p>We have time on the train and ask ourselves how we can deal with the historical charge without oscillating between taboo and excessive medialization. We talk to people from the past and historians, do research, look for approaches &#8211; and find no satisfactory answers. Instead, we are faced with even more complex questions with more perspectives and information. We practice enduring not knowing.<\/p>\n\n\n\n<p>Nevertheless, we want to put the attributions associated with Braunau to the test, create a \u201ctrial garden\u201d in which we do what the festival does best: Art.<br><br>In collaboration with the House of Austrian History (HdG\u00d6), five artists will develop positions on the material heritage of the birthplace and the associated narratives. The fate of the Geburtshaus was sealed in a highly questionable political process. Today, this future is becoming reality. The house is being restored to its original 17th century appearance. One past is to erase another, but we all know how that will end.<\/p>\n\n\n\n<p>To ensure that not everything disappears with the renovation, the HdG\u00d6 was able to document and salvage various objects and materials from the house, which are now part of its collection. Building on this unusual collection, five artists and a team of educators from the HdG\u00d6 will develop artistic interventions and workshops to engage with the public and ask how they can play a role in collective approaches for the future.&nbsp;<\/p>\n\n\n\n<p>During the festival, this project and other artistic interventions will ultimately enable critical reflection on what the past means today and challenge prevailing narratives about the house.<\/p>\n\n\n\n<p>A literary debate will also be heard and experienced at the festival: Under the title \u201eDie Testamentsverlautbarung (nach dem Hamdrahn) bei seinem Schei\u00dfgeburtshaus\u201c, a will will be announced in the course of a performative reading (spoken by Marlene Hauser): the original will (edited and alienated by Lydia Haider).<\/p>\n\n\n\n<p><strong>Two hours and six minutes &#8211; from Munich to Simbach<\/strong><\/p>\n\n\n\n<p>Simbach on the German side of the Inn and Braunau on the Austrian side are more than just neighboring towns. Residents live on one side of the river and work on the other. Associations operate across borders: one of them is the Bauhoftheater.<\/p>\n\n\n\n<p>It&#8217;s a frosty January morning, shortly after seven o&#8217;clock at Simbach station. I get on the train and have time to think. I spend the evening and into the night with inspiring ideas and discussions with the Bauhoftheater. An association that does much more than just theater. It is something of a home for committed people from the region. No play seems too complex for them. Old works are skillfully dusted off, interwoven with current topics and brought not only to the stage but also into the regional discourse. That night, we ask ourselves how the FdR*25 can have a lasting impact in the region. The FdR will leave the region after ten days of spectacle, but what can and should the cultural-political impact of an international art festival be? What should echo and resonate? In times when not only budgets but also political support for the independent scene is shrinking, this question is all the more pressing. Making visible, networking and finding synergies between local and supra-regional cultural institutions is more essential than ever. Again, I am practicing the endurance of not knowing. We dream up a festival and yet plan into uncertainty.<\/p>\n\n\n\n<p><strong>Three hours and fifteen minuters &#8211; from Vienna to Braunau<\/strong><\/p>\n\n\n\n<p>The longer we are in the region, the more we realize: The independent arts scene here is lively and extremely diverse. In addition to the Bauhoftheater, local actors such as the \u201cKiK\u201d in Ried and the \u201cKunst und Kultur im Innviertel\u201d initiative are active throughout the region before, during and after the festival. The festival is well worth a visit, but it is also worth taking a look at the region&#8217;s art and culture scene.<\/p>\n\n\n\n<p>We invite you: Set off, take your time: in the trial garden of the present we sow an unknown tomorrow. By cultivating together, the points of friction may reveal themselves and leave us without answers &#8211; with experiences that continue to write our memories. To expand, to rewrite.<\/p>\n\n\n\n<figure class=\"wp-block-image size-large\"><img loading=\"lazy\" decoding=\"async\" width=\"2000\" height=\"1280\" src=\"https:\/\/fdr.at\/wp-content\/uploads\/2025\/03\/3888-2489-max-2000x1280.jpg\" alt=\"\" class=\"wp-image-80931\" srcset=\"https:\/\/fdr.at\/wp-content\/uploads\/2025\/03\/3888-2489-max-2000x1280.jpg 2000w, https:\/\/fdr.at\/wp-content\/uploads\/2025\/03\/3888-2489-max-300x192.jpg 300w, https:\/\/fdr.at\/wp-content\/uploads\/2025\/03\/3888-2489-max-768x492.jpg 768w, https:\/\/fdr.at\/wp-content\/uploads\/2025\/03\/3888-2489-max-1536x983.jpg 1536w, https:\/\/fdr.at\/wp-content\/uploads\/2025\/03\/3888-2489-max-2048x1311.jpg 2048w\" sizes=\"auto, (max-width: 2000px) 100vw, 2000px\" \/><\/figure>\n","protected":false},"excerpt":{"rendered":"<p>If you get on the train in Linz, you have just under two hours to lose yourself in the rolling hills of the Innviertel region before arriving at FdR*25 in Braunau. <\/p>\n","protected":false},"author":12,"featured_media":80929,"comment_status":"closed","ping_status":"closed","sticky":false,"template":"","format":"standard","meta":{"_acf_changed":false,"footnotes":""},"categories":[579],"tags":[],"class_list":["post-80992","post","type-post","status-publish","format-standard","has-post-thumbnail","hentry","category-festivalmagazin-en"],"acf":[],"yoast_head":"<!-- This site is optimized with the Yoast SEO plugin v27.5 - https:\/\/yoast.com\/product\/yoast-seo-wordpress\/ -->\n<title>Next stop: tasting garden - Festival der Regionen<\/title>\n<meta name=\"robots\" content=\"index, follow, max-snippet:-1, max-image-preview:large, max-video-preview:-1\" \/>\n<link rel=\"canonical\" href=\"https:\/\/fdr.at\/en\/next-stop-tasting-garden-2\/\" \/>\n<meta property=\"og:locale\" content=\"en_US\" \/>\n<meta property=\"og:type\" content=\"article\" \/>\n<meta property=\"og:title\" content=\"Next stop: tasting garden - Festival der Regionen\" \/>\n<meta property=\"og:description\" content=\"If you get on the train in Linz, you have just under two hours to lose yourself in the rolling hills of the Innviertel region before arriving at FdR*25 in Braunau.\" \/>\n<meta property=\"og:url\" content=\"https:\/\/fdr.at\/en\/next-stop-tasting-garden-2\/\" \/>\n<meta property=\"og:site_name\" content=\"Festival der Regionen\" \/>\n<meta property=\"article:published_time\" content=\"2025-03-20T10:50:53+00:00\" \/>\n<meta property=\"article:modified_time\" content=\"2025-03-20T10:53:31+00:00\" \/>\n<meta property=\"og:image\" content=\"https:\/\/fdr.at\/wp-content\/uploads\/2025\/03\/4032-3024-max.jpg\" \/>\n\t<meta property=\"og:image:width\" content=\"4032\" \/>\n\t<meta property=\"og:image:height\" content=\"3024\" \/>\n\t<meta property=\"og:image:type\" content=\"image\/jpeg\" \/>\n<meta name=\"author\" content=\"Vinzenz Landl\" \/>\n<meta name=\"twitter:card\" content=\"summary_large_image\" \/>\n<meta name=\"twitter:label1\" content=\"Written by\" \/>\n\t<meta name=\"twitter:data1\" content=\"Vinzenz Landl\" \/>\n\t<meta name=\"twitter:label2\" content=\"Est. reading time\" \/>\n\t<meta name=\"twitter:data2\" content=\"4 minutes\" \/>\n<script type=\"application\/ld+json\" class=\"yoast-schema-graph\">{\"@context\":\"https:\\\/\\\/schema.org\",\"@graph\":[{\"@type\":\"Article\",\"@id\":\"https:\\\/\\\/fdr.at\\\/en\\\/next-stop-tasting-garden-2\\\/#article\",\"isPartOf\":{\"@id\":\"https:\\\/\\\/fdr.at\\\/en\\\/next-stop-tasting-garden-2\\\/\"},\"author\":{\"name\":\"Vinzenz Landl\",\"@id\":\"https:\\\/\\\/fdr.at\\\/en\\\/#\\\/schema\\\/person\\\/843fe0f2c9b8ac2cba634e267a65f985\"},\"headline\":\"Next stop: tasting garden\",\"datePublished\":\"2025-03-20T10:50:53+00:00\",\"dateModified\":\"2025-03-20T10:53:31+00:00\",\"mainEntityOfPage\":{\"@id\":\"https:\\\/\\\/fdr.at\\\/en\\\/next-stop-tasting-garden-2\\\/\"},\"wordCount\":845,\"image\":{\"@id\":\"https:\\\/\\\/fdr.at\\\/en\\\/next-stop-tasting-garden-2\\\/#primaryimage\"},\"thumbnailUrl\":\"https:\\\/\\\/fdr.at\\\/wp-content\\\/uploads\\\/2025\\\/03\\\/4032-3024-max.jpg\",\"articleSection\":[\"Festivalmagazin-EN\"],\"inLanguage\":\"en-US\"},{\"@type\":\"WebPage\",\"@id\":\"https:\\\/\\\/fdr.at\\\/en\\\/next-stop-tasting-garden-2\\\/\",\"url\":\"https:\\\/\\\/fdr.at\\\/en\\\/next-stop-tasting-garden-2\\\/\",\"name\":\"Next stop: tasting garden - Festival der Regionen\",\"isPartOf\":{\"@id\":\"https:\\\/\\\/fdr.at\\\/en\\\/#website\"},\"primaryImageOfPage\":{\"@id\":\"https:\\\/\\\/fdr.at\\\/en\\\/next-stop-tasting-garden-2\\\/#primaryimage\"},\"image\":{\"@id\":\"https:\\\/\\\/fdr.at\\\/en\\\/next-stop-tasting-garden-2\\\/#primaryimage\"},\"thumbnailUrl\":\"https:\\\/\\\/fdr.at\\\/wp-content\\\/uploads\\\/2025\\\/03\\\/4032-3024-max.jpg\",\"datePublished\":\"2025-03-20T10:50:53+00:00\",\"dateModified\":\"2025-03-20T10:53:31+00:00\",\"author\":{\"@id\":\"https:\\\/\\\/fdr.at\\\/en\\\/#\\\/schema\\\/person\\\/843fe0f2c9b8ac2cba634e267a65f985\"},\"breadcrumb\":{\"@id\":\"https:\\\/\\\/fdr.at\\\/en\\\/next-stop-tasting-garden-2\\\/#breadcrumb\"},\"inLanguage\":\"en-US\",\"potentialAction\":[{\"@type\":\"ReadAction\",\"target\":[\"https:\\\/\\\/fdr.at\\\/en\\\/next-stop-tasting-garden-2\\\/\"]}]},{\"@type\":\"ImageObject\",\"inLanguage\":\"en-US\",\"@id\":\"https:\\\/\\\/fdr.at\\\/en\\\/next-stop-tasting-garden-2\\\/#primaryimage\",\"url\":\"https:\\\/\\\/fdr.at\\\/wp-content\\\/uploads\\\/2025\\\/03\\\/4032-3024-max.jpg\",\"contentUrl\":\"https:\\\/\\\/fdr.at\\\/wp-content\\\/uploads\\\/2025\\\/03\\\/4032-3024-max.jpg\",\"width\":4032,\"height\":3024},{\"@type\":\"BreadcrumbList\",\"@id\":\"https:\\\/\\\/fdr.at\\\/en\\\/next-stop-tasting-garden-2\\\/#breadcrumb\",\"itemListElement\":[{\"@type\":\"ListItem\",\"position\":1,\"name\":\"Home\",\"item\":\"https:\\\/\\\/fdr.at\\\/en\\\/\"},{\"@type\":\"ListItem\",\"position\":2,\"name\":\"Next stop: tasting garden\"}]},{\"@type\":\"WebSite\",\"@id\":\"https:\\\/\\\/fdr.at\\\/en\\\/#website\",\"url\":\"https:\\\/\\\/fdr.at\\\/en\\\/\",\"name\":\"Festival der Regionen\",\"description\":\"\",\"potentialAction\":[{\"@type\":\"SearchAction\",\"target\":{\"@type\":\"EntryPoint\",\"urlTemplate\":\"https:\\\/\\\/fdr.at\\\/en\\\/?s={search_term_string}\"},\"query-input\":{\"@type\":\"PropertyValueSpecification\",\"valueRequired\":true,\"valueName\":\"search_term_string\"}}],\"inLanguage\":\"en-US\"},{\"@type\":\"Person\",\"@id\":\"https:\\\/\\\/fdr.at\\\/en\\\/#\\\/schema\\\/person\\\/843fe0f2c9b8ac2cba634e267a65f985\",\"name\":\"Vinzenz Landl\",\"image\":{\"@type\":\"ImageObject\",\"inLanguage\":\"en-US\",\"@id\":\"https:\\\/\\\/secure.gravatar.com\\\/avatar\\\/87c3db8e76d253896b719ecbd953fbb7e2f101023681f5744d7aa821da109ddc?s=96&d=retro&r=g\",\"url\":\"https:\\\/\\\/secure.gravatar.com\\\/avatar\\\/87c3db8e76d253896b719ecbd953fbb7e2f101023681f5744d7aa821da109ddc?s=96&d=retro&r=g\",\"contentUrl\":\"https:\\\/\\\/secure.gravatar.com\\\/avatar\\\/87c3db8e76d253896b719ecbd953fbb7e2f101023681f5744d7aa821da109ddc?s=96&d=retro&r=g\",\"caption\":\"Vinzenz Landl\"},\"sameAs\":[\"http:\\\/\\\/FdR\"]}]}<\/script>\n<!-- \/ Yoast SEO plugin. -->","yoast_head_json":{"title":"Next stop: tasting garden - Festival der Regionen","robots":{"index":"index","follow":"follow","max-snippet":"max-snippet:-1","max-image-preview":"max-image-preview:large","max-video-preview":"max-video-preview:-1"},"canonical":"https:\/\/fdr.at\/en\/next-stop-tasting-garden-2\/","og_locale":"en_US","og_type":"article","og_title":"Next stop: tasting garden - Festival der Regionen","og_description":"If you get on the train in Linz, you have just under two hours to lose yourself in the rolling hills of the Innviertel region before arriving at FdR*25 in Braunau.","og_url":"https:\/\/fdr.at\/en\/next-stop-tasting-garden-2\/","og_site_name":"Festival der Regionen","article_published_time":"2025-03-20T10:50:53+00:00","article_modified_time":"2025-03-20T10:53:31+00:00","og_image":[{"width":4032,"height":3024,"url":"https:\/\/fdr.at\/wp-content\/uploads\/2025\/03\/4032-3024-max.jpg","type":"image\/jpeg"}],"author":"Vinzenz Landl","twitter_card":"summary_large_image","twitter_misc":{"Written by":"Vinzenz Landl","Est. reading time":"4 minutes"},"schema":{"@context":"https:\/\/schema.org","@graph":[{"@type":"Article","@id":"https:\/\/fdr.at\/en\/next-stop-tasting-garden-2\/#article","isPartOf":{"@id":"https:\/\/fdr.at\/en\/next-stop-tasting-garden-2\/"},"author":{"name":"Vinzenz Landl","@id":"https:\/\/fdr.at\/en\/#\/schema\/person\/843fe0f2c9b8ac2cba634e267a65f985"},"headline":"Next stop: tasting garden","datePublished":"2025-03-20T10:50:53+00:00","dateModified":"2025-03-20T10:53:31+00:00","mainEntityOfPage":{"@id":"https:\/\/fdr.at\/en\/next-stop-tasting-garden-2\/"},"wordCount":845,"image":{"@id":"https:\/\/fdr.at\/en\/next-stop-tasting-garden-2\/#primaryimage"},"thumbnailUrl":"https:\/\/fdr.at\/wp-content\/uploads\/2025\/03\/4032-3024-max.jpg","articleSection":["Festivalmagazin-EN"],"inLanguage":"en-US"},{"@type":"WebPage","@id":"https:\/\/fdr.at\/en\/next-stop-tasting-garden-2\/","url":"https:\/\/fdr.at\/en\/next-stop-tasting-garden-2\/","name":"Next stop: tasting garden - Festival der Regionen","isPartOf":{"@id":"https:\/\/fdr.at\/en\/#website"},"primaryImageOfPage":{"@id":"https:\/\/fdr.at\/en\/next-stop-tasting-garden-2\/#primaryimage"},"image":{"@id":"https:\/\/fdr.at\/en\/next-stop-tasting-garden-2\/#primaryimage"},"thumbnailUrl":"https:\/\/fdr.at\/wp-content\/uploads\/2025\/03\/4032-3024-max.jpg","datePublished":"2025-03-20T10:50:53+00:00","dateModified":"2025-03-20T10:53:31+00:00","author":{"@id":"https:\/\/fdr.at\/en\/#\/schema\/person\/843fe0f2c9b8ac2cba634e267a65f985"},"breadcrumb":{"@id":"https:\/\/fdr.at\/en\/next-stop-tasting-garden-2\/#breadcrumb"},"inLanguage":"en-US","potentialAction":[{"@type":"ReadAction","target":["https:\/\/fdr.at\/en\/next-stop-tasting-garden-2\/"]}]},{"@type":"ImageObject","inLanguage":"en-US","@id":"https:\/\/fdr.at\/en\/next-stop-tasting-garden-2\/#primaryimage","url":"https:\/\/fdr.at\/wp-content\/uploads\/2025\/03\/4032-3024-max.jpg","contentUrl":"https:\/\/fdr.at\/wp-content\/uploads\/2025\/03\/4032-3024-max.jpg","width":4032,"height":3024},{"@type":"BreadcrumbList","@id":"https:\/\/fdr.at\/en\/next-stop-tasting-garden-2\/#breadcrumb","itemListElement":[{"@type":"ListItem","position":1,"name":"Home","item":"https:\/\/fdr.at\/en\/"},{"@type":"ListItem","position":2,"name":"Next stop: tasting garden"}]},{"@type":"WebSite","@id":"https:\/\/fdr.at\/en\/#website","url":"https:\/\/fdr.at\/en\/","name":"Festival der Regionen","description":"","potentialAction":[{"@type":"SearchAction","target":{"@type":"EntryPoint","urlTemplate":"https:\/\/fdr.at\/en\/?s={search_term_string}"},"query-input":{"@type":"PropertyValueSpecification","valueRequired":true,"valueName":"search_term_string"}}],"inLanguage":"en-US"},{"@type":"Person","@id":"https:\/\/fdr.at\/en\/#\/schema\/person\/843fe0f2c9b8ac2cba634e267a65f985","name":"Vinzenz Landl","image":{"@type":"ImageObject","inLanguage":"en-US","@id":"https:\/\/secure.gravatar.com\/avatar\/87c3db8e76d253896b719ecbd953fbb7e2f101023681f5744d7aa821da109ddc?s=96&d=retro&r=g","url":"https:\/\/secure.gravatar.com\/avatar\/87c3db8e76d253896b719ecbd953fbb7e2f101023681f5744d7aa821da109ddc?s=96&d=retro&r=g","contentUrl":"https:\/\/secure.gravatar.com\/avatar\/87c3db8e76d253896b719ecbd953fbb7e2f101023681f5744d7aa821da109ddc?s=96&d=retro&r=g","caption":"Vinzenz Landl"},"sameAs":["http:\/\/FdR"]}]}},"_links":{"self":[{"href":"https:\/\/fdr.at\/en\/wp-json\/wp\/v2\/posts\/80992","targetHints":{"allow":["GET"]}}],"collection":[{"href":"https:\/\/fdr.at\/en\/wp-json\/wp\/v2\/posts"}],"about":[{"href":"https:\/\/fdr.at\/en\/wp-json\/wp\/v2\/types\/post"}],"author":[{"embeddable":true,"href":"https:\/\/fdr.at\/en\/wp-json\/wp\/v2\/users\/12"}],"replies":[{"embeddable":true,"href":"https:\/\/fdr.at\/en\/wp-json\/wp\/v2\/comments?post=80992"}],"version-history":[{"count":3,"href":"https:\/\/fdr.at\/en\/wp-json\/wp\/v2\/posts\/80992\/revisions"}],"predecessor-version":[{"id":80995,"href":"https:\/\/fdr.at\/en\/wp-json\/wp\/v2\/posts\/80992\/revisions\/80995"}],"wp:featuredmedia":[{"embeddable":true,"href":"https:\/\/fdr.at\/en\/wp-json\/wp\/v2\/media\/80929"}],"wp:attachment":[{"href":"https:\/\/fdr.at\/en\/wp-json\/wp\/v2\/media?parent=80992"}],"wp:term":[{"taxonomy":"category","embeddable":true,"href":"https:\/\/fdr.at\/en\/wp-json\/wp\/v2\/categories?post=80992"},{"taxonomy":"post_tag","embeddable":true,"href":"https:\/\/fdr.at\/en\/wp-json\/wp\/v2\/tags?post=80992"}],"curies":[{"name":"wp","href":"https:\/\/api.w.org\/{rel}","templated":true}]}}